{"id":10006,"date":"2019-10-07T18:38:32","date_gmt":"2019-10-07T11:38:32","guid":{"rendered":"https:\/\/ifv.vn\/?p=10006"},"modified":"2021-10-04T15:41:33","modified_gmt":"2021-10-04T08:41:33","slug":"delf-dalf-tp-danang","status":"publish","type":"post","link":"https:\/\/ifv.vn\/fr\/delf-dalf-tp-danang\/","title":{"rendered":"DELF-DALF TP : Session de novembre 2021 \u00e0 Danang"},"content":{"rendered":"<p>Les DELF (Dipl\u00f4me d\u2019\u00c9tudes en Langue Fran\u00e7aise) et les DALF (Dipl\u00f4me Approfondi de Langue Fran\u00e7aise) sont les seuls et uniques dipl\u00f4mes officiels de fran\u00e7ais langue \u00e9trang\u00e8re d\u00e9livr\u00e9s par le minist\u00e8re fran\u00e7ais de l\u2019\u00e9ducation nationale. Les DELF et les DALF se composent de 7 niveaux ind\u00e9pendants correspondant aux niveaux communs de r\u00e9f\u00e9rence d\u00e9finis par le CECR (Cadre Europ\u00e9en Commun de R\u00e9f\u00e9rence pour les langues).<\/p>\n<p><strong>Date d\u2019inscription: 04\/10 &#8211; 16\/10\/2021<\/strong><\/p>\n<p><strong>Dates de passation:<\/strong><\/p>\n<ul>\n<li><strong>06\/11: DELF A1 &amp; DALF C1<\/strong><\/li>\n<li><strong>07\/11: DELF B1<\/strong><\/li>\n<li><strong>13\/11: DELF A2 &amp; DALF C2<\/strong><\/li>\n<li><strong>14\/11: DELF B2<\/strong><\/li>\n<\/ul>\n<p><strong>Plus d\u2019information:<\/strong> <br \/>\n Institut Fran\u00e7ais de Danang, 33 Tr\u1ea7n Ph\u00fa\/46 B\u1ea1ch \u0110\u1eb1ng<br \/>\n Tel: 0236 3 81 82 70<br \/>\n Email: <a href=\"mailto:ecoledanang@ifv.vn\">ecoledanang@ifv.vn<\/a><\/p>\n","protected":false},"excerpt":{"rendered":"Les DELF (Dipl\u00f4me d\u2019\u00c9tudes en Langue Fran\u00e7aise) et les DALF (Dipl\u00f4me Approfondi de Langue Fran\u00e7aise) sont les seuls et uniques dipl\u00f4mes officiels de fran\u00e7ais langue \u00e9trang\u00e8re d\u00e9livr\u00e9s par le minist\u00e8re fran\u00e7ais de l\u2019\u00e9ducation nationale. Les DELF et les DALF se [...]","protected":false},"author":6,"featured_media":14153,"comment_status":"open","ping_status":"open","sticky":false,"template":"","format":"standard","meta":{"footnotes":""},"categories":[238],"tags":[],"class_list":["post-10006","post","type-post","status-publish","format-standard","has-post-thumbnail","hentry","category-langue-francaise"],"acf":[],"yoast_head":"<!-- This site is optimized with the Yoast SEO plugin v25.3.1 - https:\/\/yoast.com\/wordpress\/plugins\/seo\/ -->\n<title>DELF-DALF TP : Session de novembre 2021 \u00e0 Danang - Vi\u1ec7n Ph\u00e1p t\u1ea1i Vi\u1ec7t Nam | Institut fran\u00e7ais du Vietnam<\/title>\n<meta name=\"robots\" content=\"index, follow, max-snippet:-1, max-image-preview:large, max-video-preview:-1\" \/>\n<link rel=\"canonical\" href=\"https:\/\/ifv.vn\/fr\/delf-dalf-tp-danang\/\" \/>\n<meta property=\"og:locale\" content=\"fr_FR\" \/>\n<meta property=\"og:type\" content=\"article\" \/>\n<meta property=\"og:title\" content=\"DELF-DALF TP : Session de novembre 2021 \u00e0 Danang - Vi\u1ec7n Ph\u00e1p t\u1ea1i Vi\u1ec7t Nam | Institut fran\u00e7ais du Vietnam\" \/>\n<meta property=\"og:description\" content=\"Les DELF (Dipl\u00f4me d\u2019\u00c9tudes en Langue Fran\u00e7aise) et les DALF (Dipl\u00f4me Approfondi de Langue Fran\u00e7aise) sont les seuls et uniques dipl\u00f4mes officiels de fran\u00e7ais langue \u00e9trang\u00e8re d\u00e9livr\u00e9s par le minist\u00e8re fran\u00e7ais de l\u2019\u00e9ducation nationale. Les DELF et les DALF se [&hellip;]\" \/>\n<meta property=\"og:url\" content=\"https:\/\/ifv.vn\/fr\/delf-dalf-tp-danang\/\" \/>\n<meta property=\"og:site_name\" content=\"Vi\u1ec7n Ph\u00e1p t\u1ea1i Vi\u1ec7t Nam | Institut fran\u00e7ais du Vietnam\" \/>\n<meta property=\"article:published_time\" content=\"2019-10-07T11:38:32+00:00\" \/>\n<meta property=\"article:modified_time\" content=\"2021-10-04T08:41:33+00:00\" \/>\n<meta property=\"og:image\" content=\"https:\/\/ifv.vn\/wp-content\/uploads\/2019\/08\/delf-dalf-tp-thang-11-site-web.jpg\" \/>\n\t<meta property=\"og:image:width\" content=\"1260\" \/>\n\t<meta property=\"og:image:height\" content=\"421\" \/>\n\t<meta property=\"og:image:type\" content=\"image\/jpeg\" \/>\n<meta name=\"author\" content=\"stagiaire.com.hcm\" \/>\n<meta name=\"twitter:card\" content=\"summary_large_image\" \/>\n<meta name=\"twitter:label1\" content=\"Written by\" \/>\n\t<meta name=\"twitter:data1\" content=\"stagiaire.com.hcm\" \/>\n\t<meta name=\"twitter:label2\" content=\"Est. reading time\" \/>\n\t<meta name=\"twitter:data2\" content=\"1 minute\" \/>\n<script type=\"application\/ld+json\" class=\"yoast-schema-graph\">{\"@context\":\"https:\/\/schema.org\",\"@graph\":[{\"@type\":\"Article\",\"@id\":\"https:\/\/ifv.vn\/fr\/delf-dalf-tp-danang\/#article\",\"isPartOf\":{\"@id\":\"https:\/\/ifv.vn\/fr\/delf-dalf-tp-danang\/\"},\"author\":{\"name\":\"stagiaire.com.hcm\",\"@id\":\"https:\/\/ifv.vn\/#\/schema\/person\/9bde1a21f4a15b93fab7f37acb80dff1\"},\"headline\":\"DELF-DALF TP : Session de novembre 2021 \u00e0 Danang\",\"datePublished\":\"2019-10-07T11:38:32+00:00\",\"dateModified\":\"2021-10-04T08:41:33+00:00\",\"mainEntityOfPage\":{\"@id\":\"https:\/\/ifv.vn\/fr\/delf-dalf-tp-danang\/\"},\"wordCount\":128,\"commentCount\":0,\"publisher\":{\"@id\":\"https:\/\/ifv.vn\/#organization\"},\"image\":{\"@id\":\"https:\/\/ifv.vn\/fr\/delf-dalf-tp-danang\/#primaryimage\"},\"thumbnailUrl\":\"https:\/\/ifv.vn\/wp-content\/uploads\/2019\/08\/delf-dalf-tp-thang-11-site-web.jpg\",\"articleSection\":[\"Langue fran\u00e7aise\"],\"inLanguage\":\"fr-FR\",\"potentialAction\":[{\"@type\":\"CommentAction\",\"name\":\"Comment\",\"target\":[\"https:\/\/ifv.vn\/fr\/delf-dalf-tp-danang\/#respond\"]}]},{\"@type\":\"WebPage\",\"@id\":\"https:\/\/ifv.vn\/fr\/delf-dalf-tp-danang\/\",\"url\":\"https:\/\/ifv.vn\/fr\/delf-dalf-tp-danang\/\",\"name\":\"DELF-DALF TP : Session de novembre 2021 \u00e0 Danang - Vi\u1ec7n Ph\u00e1p t\u1ea1i Vi\u1ec7t Nam | Institut fran\u00e7ais du Vietnam\",\"isPartOf\":{\"@id\":\"https:\/\/ifv.vn\/#website\"},\"primaryImageOfPage\":{\"@id\":\"https:\/\/ifv.vn\/fr\/delf-dalf-tp-danang\/#primaryimage\"},\"image\":{\"@id\":\"https:\/\/ifv.vn\/fr\/delf-dalf-tp-danang\/#primaryimage\"},\"thumbnailUrl\":\"https:\/\/ifv.vn\/wp-content\/uploads\/2019\/08\/delf-dalf-tp-thang-11-site-web.jpg\",\"datePublished\":\"2019-10-07T11:38:32+00:00\",\"dateModified\":\"2021-10-04T08:41:33+00:00\",\"breadcrumb\":{\"@id\":\"https:\/\/ifv.vn\/fr\/delf-dalf-tp-danang\/#breadcrumb\"},\"inLanguage\":\"fr-FR\",\"potentialAction\":[{\"@type\":\"ReadAction\",\"target\":[\"https:\/\/ifv.vn\/fr\/delf-dalf-tp-danang\/\"]}]},{\"@type\":\"ImageObject\",\"inLanguage\":\"fr-FR\",\"@id\":\"https:\/\/ifv.vn\/fr\/delf-dalf-tp-danang\/#primaryimage\",\"url\":\"https:\/\/ifv.vn\/wp-content\/uploads\/2019\/08\/delf-dalf-tp-thang-11-site-web.jpg\",\"contentUrl\":\"https:\/\/ifv.vn\/wp-content\/uploads\/2019\/08\/delf-dalf-tp-thang-11-site-web.jpg\",\"width\":1260,\"height\":421},{\"@type\":\"BreadcrumbList\",\"@id\":\"https:\/\/ifv.vn\/fr\/delf-dalf-tp-danang\/#breadcrumb\",\"itemListElement\":[{\"@type\":\"ListItem\",\"position\":1,\"name\":\"Home\",\"item\":\"https:\/\/ifv.vn\/fr\/\"},{\"@type\":\"ListItem\",\"position\":2,\"name\":\"DELF-DALF TP : Session de novembre 2021 \u00e0 Danang\"}]},{\"@type\":\"WebSite\",\"@id\":\"https:\/\/ifv.vn\/#website\",\"url\":\"https:\/\/ifv.vn\/\",\"name\":\"Vi\u1ec7n Ph\u00e1p t\u1ea1i Vi\u1ec7t Nam | Institut fran\u00e7ais du Vietnam\",\"description\":\"\",\"publisher\":{\"@id\":\"https:\/\/ifv.vn\/#organization\"},\"potentialAction\":[{\"@type\":\"SearchAction\",\"target\":{\"@type\":\"EntryPoint\",\"urlTemplate\":\"https:\/\/ifv.vn\/?s={search_term_string}\"},\"query-input\":{\"@type\":\"PropertyValueSpecification\",\"valueRequired\":true,\"valueName\":\"search_term_string\"}}],\"inLanguage\":\"fr-FR\"},{\"@type\":\"Organization\",\"@id\":\"https:\/\/ifv.vn\/#organization\",\"name\":\"Vi\u1ec7n Ph\u00e1p t\u1ea1i Vi\u1ec7t Nam | Institut fran\u00e7ais du Vietnam\",\"url\":\"https:\/\/ifv.vn\/\",\"logo\":{\"@type\":\"ImageObject\",\"inLanguage\":\"fr-FR\",\"@id\":\"https:\/\/ifv.vn\/#\/schema\/logo\/image\/\",\"url\":\"https:\/\/ifv.vn\/wp-content\/uploads\/2025\/10\/cropped-asset-6.png\",\"contentUrl\":\"https:\/\/ifv.vn\/wp-content\/uploads\/2025\/10\/cropped-asset-6.png\",\"width\":248,\"height\":165,\"caption\":\"Vi\u1ec7n Ph\u00e1p t\u1ea1i Vi\u1ec7t Nam | Institut fran\u00e7ais du Vietnam\"},\"image\":{\"@id\":\"https:\/\/ifv.vn\/#\/schema\/logo\/image\/\"}},{\"@type\":\"Person\",\"@id\":\"https:\/\/ifv.vn\/#\/schema\/person\/9bde1a21f4a15b93fab7f37acb80dff1\",\"name\":\"stagiaire.com.hcm\",\"image\":{\"@type\":\"ImageObject\",\"inLanguage\":\"fr-FR\",\"@id\":\"https:\/\/ifv.vn\/#\/schema\/person\/image\/\",\"url\":\"https:\/\/secure.gravatar.com\/avatar\/3078a22f936a646275122e7cb33fb44f?s=96&d=mm&r=g\",\"contentUrl\":\"https:\/\/secure.gravatar.com\/avatar\/3078a22f936a646275122e7cb33fb44f?s=96&d=mm&r=g\",\"caption\":\"stagiaire.com.hcm\"},\"url\":\"https:\/\/ifv.vn\/fr\/author\/stagiaire-com-hcm\/\"}]}<\/script>\n<!-- \/ Yoast SEO plugin. -->","yoast_head_json":{"title":"DELF-DALF TP : Session de novembre 2021 \u00e0 Danang - Vi\u1ec7n Ph\u00e1p t\u1ea1i Vi\u1ec7t Nam | Institut fran\u00e7ais du Vietnam","robots":{"index":"index","follow":"follow","max-snippet":"max-snippet:-1","max-image-preview":"max-image-preview:large","max-video-preview":"max-video-preview:-1"},"canonical":"https:\/\/ifv.vn\/fr\/delf-dalf-tp-danang\/","og_locale":"fr_FR","og_type":"article","og_title":"DELF-DALF TP : Session de novembre 2021 \u00e0 Danang - Vi\u1ec7n Ph\u00e1p t\u1ea1i Vi\u1ec7t Nam | Institut fran\u00e7ais du Vietnam","og_description":"Les DELF (Dipl\u00f4me d\u2019\u00c9tudes en Langue Fran\u00e7aise) et les DALF (Dipl\u00f4me Approfondi de Langue Fran\u00e7aise) sont les seuls et uniques dipl\u00f4mes officiels de fran\u00e7ais langue \u00e9trang\u00e8re d\u00e9livr\u00e9s par le minist\u00e8re fran\u00e7ais de l\u2019\u00e9ducation nationale. Les DELF et les DALF se [&hellip;]","og_url":"https:\/\/ifv.vn\/fr\/delf-dalf-tp-danang\/","og_site_name":"Vi\u1ec7n Ph\u00e1p t\u1ea1i Vi\u1ec7t Nam | Institut fran\u00e7ais du Vietnam","article_published_time":"2019-10-07T11:38:32+00:00","article_modified_time":"2021-10-04T08:41:33+00:00","og_image":[{"width":1260,"height":421,"url":"https:\/\/ifv.vn\/wp-content\/uploads\/2019\/08\/delf-dalf-tp-thang-11-site-web.jpg","type":"image\/jpeg"}],"author":"stagiaire.com.hcm","twitter_card":"summary_large_image","twitter_misc":{"Written by":"stagiaire.com.hcm","Est. reading time":"1 minute"},"schema":{"@context":"https:\/\/schema.org","@graph":[{"@type":"Article","@id":"https:\/\/ifv.vn\/fr\/delf-dalf-tp-danang\/#article","isPartOf":{"@id":"https:\/\/ifv.vn\/fr\/delf-dalf-tp-danang\/"},"author":{"name":"stagiaire.com.hcm","@id":"https:\/\/ifv.vn\/#\/schema\/person\/9bde1a21f4a15b93fab7f37acb80dff1"},"headline":"DELF-DALF TP : Session de novembre 2021 \u00e0 Danang","datePublished":"2019-10-07T11:38:32+00:00","dateModified":"2021-10-04T08:41:33+00:00","mainEntityOfPage":{"@id":"https:\/\/ifv.vn\/fr\/delf-dalf-tp-danang\/"},"wordCount":128,"commentCount":0,"publisher":{"@id":"https:\/\/ifv.vn\/#organization"},"image":{"@id":"https:\/\/ifv.vn\/fr\/delf-dalf-tp-danang\/#primaryimage"},"thumbnailUrl":"https:\/\/ifv.vn\/wp-content\/uploads\/2019\/08\/delf-dalf-tp-thang-11-site-web.jpg","articleSection":["Langue fran\u00e7aise"],"inLanguage":"fr-FR","potentialAction":[{"@type":"CommentAction","name":"Comment","target":["https:\/\/ifv.vn\/fr\/delf-dalf-tp-danang\/#respond"]}]},{"@type":"WebPage","@id":"https:\/\/ifv.vn\/fr\/delf-dalf-tp-danang\/","url":"https:\/\/ifv.vn\/fr\/delf-dalf-tp-danang\/","name":"DELF-DALF TP : Session de novembre 2021 \u00e0 Danang - Vi\u1ec7n Ph\u00e1p t\u1ea1i Vi\u1ec7t Nam | Institut fran\u00e7ais du Vietnam","isPartOf":{"@id":"https:\/\/ifv.vn\/#website"},"primaryImageOfPage":{"@id":"https:\/\/ifv.vn\/fr\/delf-dalf-tp-danang\/#primaryimage"},"image":{"@id":"https:\/\/ifv.vn\/fr\/delf-dalf-tp-danang\/#primaryimage"},"thumbnailUrl":"https:\/\/ifv.vn\/wp-content\/uploads\/2019\/08\/delf-dalf-tp-thang-11-site-web.jpg","datePublished":"2019-10-07T11:38:32+00:00","dateModified":"2021-10-04T08:41:33+00:00","breadcrumb":{"@id":"https:\/\/ifv.vn\/fr\/delf-dalf-tp-danang\/#breadcrumb"},"inLanguage":"fr-FR","potentialAction":[{"@type":"ReadAction","target":["https:\/\/ifv.vn\/fr\/delf-dalf-tp-danang\/"]}]},{"@type":"ImageObject","inLanguage":"fr-FR","@id":"https:\/\/ifv.vn\/fr\/delf-dalf-tp-danang\/#primaryimage","url":"https:\/\/ifv.vn\/wp-content\/uploads\/2019\/08\/delf-dalf-tp-thang-11-site-web.jpg","contentUrl":"https:\/\/ifv.vn\/wp-content\/uploads\/2019\/08\/delf-dalf-tp-thang-11-site-web.jpg","width":1260,"height":421},{"@type":"BreadcrumbList","@id":"https:\/\/ifv.vn\/fr\/delf-dalf-tp-danang\/#breadcrumb","itemListElement":[{"@type":"ListItem","position":1,"name":"Home","item":"https:\/\/ifv.vn\/fr\/"},{"@type":"ListItem","position":2,"name":"DELF-DALF TP : Session de novembre 2021 \u00e0 Danang"}]},{"@type":"WebSite","@id":"https:\/\/ifv.vn\/#website","url":"https:\/\/ifv.vn\/","name":"Vi\u1ec7n Ph\u00e1p t\u1ea1i Vi\u1ec7t Nam | Institut fran\u00e7ais du Vietnam","description":"","publisher":{"@id":"https:\/\/ifv.vn\/#organization"},"potentialAction":[{"@type":"SearchAction","target":{"@type":"EntryPoint","urlTemplate":"https:\/\/ifv.vn\/?s={search_term_string}"},"query-input":{"@type":"PropertyValueSpecification","valueRequired":true,"valueName":"search_term_string"}}],"inLanguage":"fr-FR"},{"@type":"Organization","@id":"https:\/\/ifv.vn\/#organization","name":"Vi\u1ec7n Ph\u00e1p t\u1ea1i Vi\u1ec7t Nam | Institut fran\u00e7ais du Vietnam","url":"https:\/\/ifv.vn\/","logo":{"@type":"ImageObject","inLanguage":"fr-FR","@id":"https:\/\/ifv.vn\/#\/schema\/logo\/image\/","url":"https:\/\/ifv.vn\/wp-content\/uploads\/2025\/10\/cropped-asset-6.png","contentUrl":"https:\/\/ifv.vn\/wp-content\/uploads\/2025\/10\/cropped-asset-6.png","width":248,"height":165,"caption":"Vi\u1ec7n Ph\u00e1p t\u1ea1i Vi\u1ec7t Nam | Institut fran\u00e7ais du Vietnam"},"image":{"@id":"https:\/\/ifv.vn\/#\/schema\/logo\/image\/"}},{"@type":"Person","@id":"https:\/\/ifv.vn\/#\/schema\/person\/9bde1a21f4a15b93fab7f37acb80dff1","name":"stagiaire.com.hcm","image":{"@type":"ImageObject","inLanguage":"fr-FR","@id":"https:\/\/ifv.vn\/#\/schema\/person\/image\/","url":"https:\/\/secure.gravatar.com\/avatar\/3078a22f936a646275122e7cb33fb44f?s=96&d=mm&r=g","contentUrl":"https:\/\/secure.gravatar.com\/avatar\/3078a22f936a646275122e7cb33fb44f?s=96&d=mm&r=g","caption":"stagiaire.com.hcm"},"url":"https:\/\/ifv.vn\/fr\/author\/stagiaire-com-hcm\/"}]}},"_links":{"self":[{"href":"https:\/\/ifv.vn\/fr\/wp-json\/wp\/v2\/posts\/10006"}],"collection":[{"href":"https:\/\/ifv.vn\/fr\/wp-json\/wp\/v2\/posts"}],"about":[{"href":"https:\/\/ifv.vn\/fr\/wp-json\/wp\/v2\/types\/post"}],"author":[{"embeddable":true,"href":"https:\/\/ifv.vn\/fr\/wp-json\/wp\/v2\/users\/6"}],"replies":[{"embeddable":true,"href":"https:\/\/ifv.vn\/fr\/wp-json\/wp\/v2\/comments?post=10006"}],"version-history":[{"count":3,"href":"https:\/\/ifv.vn\/fr\/wp-json\/wp\/v2\/posts\/10006\/revisions"}],"predecessor-version":[{"id":14168,"href":"https:\/\/ifv.vn\/fr\/wp-json\/wp\/v2\/posts\/10006\/revisions\/14168"}],"wp:featuredmedia":[{"embeddable":true,"href":"https:\/\/ifv.vn\/fr\/wp-json\/wp\/v2\/media\/14153"}],"wp:attachment":[{"href":"https:\/\/ifv.vn\/fr\/wp-json\/wp\/v2\/media?parent=10006"}],"wp:term":[{"taxonomy":"category","embeddable":true,"href":"https:\/\/ifv.vn\/fr\/wp-json\/wp\/v2\/categories?post=10006"},{"taxonomy":"post_tag","embeddable":true,"href":"https:\/\/ifv.vn\/fr\/wp-json\/wp\/v2\/tags?post=10006"}],"curies":[{"name":"wp","href":"https:\/\/api.w.org\/{rel}","templated":true}]}}