{"id":9714,"date":"2019-08-22T14:51:07","date_gmt":"2019-08-22T07:51:07","guid":{"rendered":"https:\/\/ifv.vn\/?p=9714"},"modified":"2020-02-06T15:15:24","modified_gmt":"2020-02-06T08:15:24","slug":"delp-pro-hue","status":"publish","type":"post","link":"https:\/\/ifv.vn\/fr\/delp-pro-hue\/","title":{"rendered":"DELF Pro : Session de Mars 2020 \u00e0 Hu\u00e9"},"content":{"rendered":"<p>Le DELF Pro ou DELF \u00e0 option professionnelle est, comme son nom l\u2019indique, destin\u00e9 \u00e0 des personnes qui souhaitent s\u2019ins\u00e9rer dans le monde du travail francophone. Le DELF Pro convient aussi aux peronnes qui travaillent d\u00e9j\u00e0 dans un milieu francophone et qui ont envie de valoriser leurs comp\u00e9tences en langue fran\u00e7aise pour \u00e9ventuellement progresser dans leur carri\u00e8re soit en obtenant une promotion dans leur travail, soit en int\u00e9grant une autre entreprise.\u00a0<\/p>\n<p><strong>Inscription<\/strong>:\u00a0<b>du 10 au 29 f\u00e9vrier 2020<\/b><\/p>\n<p><strong>Calendrier des examens:\u00a0<\/strong><br \/>\n <b>21 mars 2020 : DELF A1 &amp; B1\u00a0<\/b><br \/>\n <b>22 mars 2020 : DELF A2 &amp; B2\u00a0<\/b><\/p>\n<p> Contact :\u00a0Institut fran\u00e7ais de Hu\u00e9, 01 Le Hong Phong &#8211; Hu\u00e9\u00a0<br \/>\n T\u00e9l :\u00a0(0234) 3 832 893 \/ 3 820 872<\/p>\n","protected":false},"excerpt":{"rendered":"Le DELF Pro ou DELF \u00e0 option professionnelle est, comme son nom l\u2019indique, destin\u00e9 \u00e0 des personnes qui souhaitent s\u2019ins\u00e9rer dans le monde du travail francophone. Le DELF Pro convient aussi aux peronnes qui travaillent d\u00e9j\u00e0 dans un milieu francophone [...]","protected":false},"author":6,"featured_media":0,"comment_status":"open","ping_status":"open","sticky":false,"template":"","format":"standard","meta":{"footnotes":""},"categories":[238],"tags":[],"class_list":["post-9714","post","type-post","status-publish","format-standard","hentry","category-langue-francaise"],"acf":[],"yoast_head":"<!-- This site is optimized with the Yoast SEO plugin v25.3.1 - https:\/\/yoast.com\/wordpress\/plugins\/seo\/ -->\n<title>DELF Pro : Session de Mars 2020 \u00e0 Hu\u00e9 - Vi\u1ec7n Ph\u00e1p t\u1ea1i Vi\u1ec7t Nam | Institut fran\u00e7ais du Vietnam<\/title>\n<meta name=\"robots\" content=\"index, follow, max-snippet:-1, max-image-preview:large, max-video-preview:-1\" \/>\n<link rel=\"canonical\" href=\"https:\/\/ifv.vn\/fr\/delp-pro-hue\/\" \/>\n<meta property=\"og:locale\" content=\"fr_FR\" \/>\n<meta property=\"og:type\" content=\"article\" \/>\n<meta property=\"og:title\" content=\"DELF Pro : Session de Mars 2020 \u00e0 Hu\u00e9 - Vi\u1ec7n Ph\u00e1p t\u1ea1i Vi\u1ec7t Nam | Institut fran\u00e7ais du Vietnam\" \/>\n<meta property=\"og:description\" content=\"Le DELF Pro ou DELF \u00e0 option professionnelle est, comme son nom l\u2019indique, destin\u00e9 \u00e0 des personnes qui souhaitent s\u2019ins\u00e9rer dans le monde du travail francophone. Le DELF Pro convient aussi aux peronnes qui travaillent d\u00e9j\u00e0 dans un milieu francophone [&hellip;]\" \/>\n<meta property=\"og:url\" content=\"https:\/\/ifv.vn\/fr\/delp-pro-hue\/\" \/>\n<meta property=\"og:site_name\" content=\"Vi\u1ec7n Ph\u00e1p t\u1ea1i Vi\u1ec7t Nam | Institut fran\u00e7ais du Vietnam\" \/>\n<meta property=\"article:published_time\" content=\"2019-08-22T07:51:07+00:00\" \/>\n<meta property=\"article:modified_time\" content=\"2020-02-06T08:15:24+00:00\" \/>\n<meta property=\"og:image\" content=\"https:\/\/ifv.vn\/wp-content\/uploads\/2018\/09\/delf-visuel-site-small.jpg\" \/>\n\t<meta property=\"og:image:width\" content=\"1260\" \/>\n\t<meta property=\"og:image:height\" content=\"420\" \/>\n\t<meta property=\"og:image:type\" content=\"image\/jpeg\" \/>\n<meta name=\"author\" content=\"stagiaire.com.hcm\" \/>\n<meta name=\"twitter:card\" content=\"summary_large_image\" \/>\n<meta name=\"twitter:label1\" content=\"Written by\" \/>\n\t<meta name=\"twitter:data1\" content=\"stagiaire.com.hcm\" \/>\n\t<meta name=\"twitter:label2\" content=\"Est. reading time\" \/>\n\t<meta name=\"twitter:data2\" content=\"1 minute\" \/>\n<script type=\"application\/ld+json\" class=\"yoast-schema-graph\">{\"@context\":\"https:\/\/schema.org\",\"@graph\":[{\"@type\":\"Article\",\"@id\":\"https:\/\/ifv.vn\/fr\/delp-pro-hue\/#article\",\"isPartOf\":{\"@id\":\"https:\/\/ifv.vn\/fr\/delp-pro-hue\/\"},\"author\":{\"name\":\"stagiaire.com.hcm\",\"@id\":\"https:\/\/ifv.vn\/#\/schema\/person\/9bde1a21f4a15b93fab7f37acb80dff1\"},\"headline\":\"DELF Pro : Session de Mars 2020 \u00e0 Hu\u00e9\",\"datePublished\":\"2019-08-22T07:51:07+00:00\",\"dateModified\":\"2020-02-06T08:15:24+00:00\",\"mainEntityOfPage\":{\"@id\":\"https:\/\/ifv.vn\/fr\/delp-pro-hue\/\"},\"wordCount\":114,\"commentCount\":0,\"publisher\":{\"@id\":\"https:\/\/ifv.vn\/#organization\"},\"articleSection\":[\"Langue fran\u00e7aise\"],\"inLanguage\":\"fr-FR\",\"potentialAction\":[{\"@type\":\"CommentAction\",\"name\":\"Comment\",\"target\":[\"https:\/\/ifv.vn\/fr\/delp-pro-hue\/#respond\"]}]},{\"@type\":\"WebPage\",\"@id\":\"https:\/\/ifv.vn\/fr\/delp-pro-hue\/\",\"url\":\"https:\/\/ifv.vn\/fr\/delp-pro-hue\/\",\"name\":\"DELF Pro : Session de Mars 2020 \u00e0 Hu\u00e9 - Vi\u1ec7n Ph\u00e1p t\u1ea1i Vi\u1ec7t Nam | Institut fran\u00e7ais du Vietnam\",\"isPartOf\":{\"@id\":\"https:\/\/ifv.vn\/#website\"},\"datePublished\":\"2019-08-22T07:51:07+00:00\",\"dateModified\":\"2020-02-06T08:15:24+00:00\",\"breadcrumb\":{\"@id\":\"https:\/\/ifv.vn\/fr\/delp-pro-hue\/#breadcrumb\"},\"inLanguage\":\"fr-FR\",\"potentialAction\":[{\"@type\":\"ReadAction\",\"target\":[\"https:\/\/ifv.vn\/fr\/delp-pro-hue\/\"]}]},{\"@type\":\"BreadcrumbList\",\"@id\":\"https:\/\/ifv.vn\/fr\/delp-pro-hue\/#breadcrumb\",\"itemListElement\":[{\"@type\":\"ListItem\",\"position\":1,\"name\":\"Home\",\"item\":\"https:\/\/ifv.vn\/fr\/\"},{\"@type\":\"ListItem\",\"position\":2,\"name\":\"DELF Pro : Session de Mars 2020 \u00e0 Hu\u00e9\"}]},{\"@type\":\"WebSite\",\"@id\":\"https:\/\/ifv.vn\/#website\",\"url\":\"https:\/\/ifv.vn\/\",\"name\":\"Vi\u1ec7n Ph\u00e1p t\u1ea1i Vi\u1ec7t Nam | Institut fran\u00e7ais du Vietnam\",\"description\":\"\",\"publisher\":{\"@id\":\"https:\/\/ifv.vn\/#organization\"},\"potentialAction\":[{\"@type\":\"SearchAction\",\"target\":{\"@type\":\"EntryPoint\",\"urlTemplate\":\"https:\/\/ifv.vn\/?s={search_term_string}\"},\"query-input\":{\"@type\":\"PropertyValueSpecification\",\"valueRequired\":true,\"valueName\":\"search_term_string\"}}],\"inLanguage\":\"fr-FR\"},{\"@type\":\"Organization\",\"@id\":\"https:\/\/ifv.vn\/#organization\",\"name\":\"Vi\u1ec7n Ph\u00e1p t\u1ea1i Vi\u1ec7t Nam | Institut fran\u00e7ais du Vietnam\",\"url\":\"https:\/\/ifv.vn\/\",\"logo\":{\"@type\":\"ImageObject\",\"inLanguage\":\"fr-FR\",\"@id\":\"https:\/\/ifv.vn\/#\/schema\/logo\/image\/\",\"url\":\"https:\/\/ifv.vn\/wp-content\/uploads\/2025\/10\/cropped-asset-6.png\",\"contentUrl\":\"https:\/\/ifv.vn\/wp-content\/uploads\/2025\/10\/cropped-asset-6.png\",\"width\":248,\"height\":165,\"caption\":\"Vi\u1ec7n Ph\u00e1p t\u1ea1i Vi\u1ec7t Nam | Institut fran\u00e7ais du Vietnam\"},\"image\":{\"@id\":\"https:\/\/ifv.vn\/#\/schema\/logo\/image\/\"}},{\"@type\":\"Person\",\"@id\":\"https:\/\/ifv.vn\/#\/schema\/person\/9bde1a21f4a15b93fab7f37acb80dff1\",\"name\":\"stagiaire.com.hcm\",\"image\":{\"@type\":\"ImageObject\",\"inLanguage\":\"fr-FR\",\"@id\":\"https:\/\/ifv.vn\/#\/schema\/person\/image\/\",\"url\":\"https:\/\/secure.gravatar.com\/avatar\/3078a22f936a646275122e7cb33fb44f?s=96&d=mm&r=g\",\"contentUrl\":\"https:\/\/secure.gravatar.com\/avatar\/3078a22f936a646275122e7cb33fb44f?s=96&d=mm&r=g\",\"caption\":\"stagiaire.com.hcm\"},\"url\":\"https:\/\/ifv.vn\/fr\/author\/stagiaire-com-hcm\/\"}]}<\/script>\n<!-- \/ Yoast SEO plugin. -->","yoast_head_json":{"title":"DELF Pro : Session de Mars 2020 \u00e0 Hu\u00e9 - Vi\u1ec7n Ph\u00e1p t\u1ea1i Vi\u1ec7t Nam | Institut fran\u00e7ais du Vietnam","robots":{"index":"index","follow":"follow","max-snippet":"max-snippet:-1","max-image-preview":"max-image-preview:large","max-video-preview":"max-video-preview:-1"},"canonical":"https:\/\/ifv.vn\/fr\/delp-pro-hue\/","og_locale":"fr_FR","og_type":"article","og_title":"DELF Pro : Session de Mars 2020 \u00e0 Hu\u00e9 - Vi\u1ec7n Ph\u00e1p t\u1ea1i Vi\u1ec7t Nam | Institut fran\u00e7ais du Vietnam","og_description":"Le DELF Pro ou DELF \u00e0 option professionnelle est, comme son nom l\u2019indique, destin\u00e9 \u00e0 des personnes qui souhaitent s\u2019ins\u00e9rer dans le monde du travail francophone. Le DELF Pro convient aussi aux peronnes qui travaillent d\u00e9j\u00e0 dans un milieu francophone [&hellip;]","og_url":"https:\/\/ifv.vn\/fr\/delp-pro-hue\/","og_site_name":"Vi\u1ec7n Ph\u00e1p t\u1ea1i Vi\u1ec7t Nam | Institut fran\u00e7ais du Vietnam","article_published_time":"2019-08-22T07:51:07+00:00","article_modified_time":"2020-02-06T08:15:24+00:00","og_image":[{"width":1260,"height":420,"url":"https:\/\/ifv.vn\/wp-content\/uploads\/2018\/09\/delf-visuel-site-small.jpg","type":"image\/jpeg"}],"author":"stagiaire.com.hcm","twitter_card":"summary_large_image","twitter_misc":{"Written by":"stagiaire.com.hcm","Est. reading time":"1 minute"},"schema":{"@context":"https:\/\/schema.org","@graph":[{"@type":"Article","@id":"https:\/\/ifv.vn\/fr\/delp-pro-hue\/#article","isPartOf":{"@id":"https:\/\/ifv.vn\/fr\/delp-pro-hue\/"},"author":{"name":"stagiaire.com.hcm","@id":"https:\/\/ifv.vn\/#\/schema\/person\/9bde1a21f4a15b93fab7f37acb80dff1"},"headline":"DELF Pro : Session de Mars 2020 \u00e0 Hu\u00e9","datePublished":"2019-08-22T07:51:07+00:00","dateModified":"2020-02-06T08:15:24+00:00","mainEntityOfPage":{"@id":"https:\/\/ifv.vn\/fr\/delp-pro-hue\/"},"wordCount":114,"commentCount":0,"publisher":{"@id":"https:\/\/ifv.vn\/#organization"},"articleSection":["Langue fran\u00e7aise"],"inLanguage":"fr-FR","potentialAction":[{"@type":"CommentAction","name":"Comment","target":["https:\/\/ifv.vn\/fr\/delp-pro-hue\/#respond"]}]},{"@type":"WebPage","@id":"https:\/\/ifv.vn\/fr\/delp-pro-hue\/","url":"https:\/\/ifv.vn\/fr\/delp-pro-hue\/","name":"DELF Pro : Session de Mars 2020 \u00e0 Hu\u00e9 - Vi\u1ec7n Ph\u00e1p t\u1ea1i Vi\u1ec7t Nam | Institut fran\u00e7ais du Vietnam","isPartOf":{"@id":"https:\/\/ifv.vn\/#website"},"datePublished":"2019-08-22T07:51:07+00:00","dateModified":"2020-02-06T08:15:24+00:00","breadcrumb":{"@id":"https:\/\/ifv.vn\/fr\/delp-pro-hue\/#breadcrumb"},"inLanguage":"fr-FR","potentialAction":[{"@type":"ReadAction","target":["https:\/\/ifv.vn\/fr\/delp-pro-hue\/"]}]},{"@type":"BreadcrumbList","@id":"https:\/\/ifv.vn\/fr\/delp-pro-hue\/#breadcrumb","itemListElement":[{"@type":"ListItem","position":1,"name":"Home","item":"https:\/\/ifv.vn\/fr\/"},{"@type":"ListItem","position":2,"name":"DELF Pro : Session de Mars 2020 \u00e0 Hu\u00e9"}]},{"@type":"WebSite","@id":"https:\/\/ifv.vn\/#website","url":"https:\/\/ifv.vn\/","name":"Vi\u1ec7n Ph\u00e1p t\u1ea1i Vi\u1ec7t Nam | Institut fran\u00e7ais du Vietnam","description":"","publisher":{"@id":"https:\/\/ifv.vn\/#organization"},"potentialAction":[{"@type":"SearchAction","target":{"@type":"EntryPoint","urlTemplate":"https:\/\/ifv.vn\/?s={search_term_string}"},"query-input":{"@type":"PropertyValueSpecification","valueRequired":true,"valueName":"search_term_string"}}],"inLanguage":"fr-FR"},{"@type":"Organization","@id":"https:\/\/ifv.vn\/#organization","name":"Vi\u1ec7n Ph\u00e1p t\u1ea1i Vi\u1ec7t Nam | Institut fran\u00e7ais du Vietnam","url":"https:\/\/ifv.vn\/","logo":{"@type":"ImageObject","inLanguage":"fr-FR","@id":"https:\/\/ifv.vn\/#\/schema\/logo\/image\/","url":"https:\/\/ifv.vn\/wp-content\/uploads\/2025\/10\/cropped-asset-6.png","contentUrl":"https:\/\/ifv.vn\/wp-content\/uploads\/2025\/10\/cropped-asset-6.png","width":248,"height":165,"caption":"Vi\u1ec7n Ph\u00e1p t\u1ea1i Vi\u1ec7t Nam | Institut fran\u00e7ais du Vietnam"},"image":{"@id":"https:\/\/ifv.vn\/#\/schema\/logo\/image\/"}},{"@type":"Person","@id":"https:\/\/ifv.vn\/#\/schema\/person\/9bde1a21f4a15b93fab7f37acb80dff1","name":"stagiaire.com.hcm","image":{"@type":"ImageObject","inLanguage":"fr-FR","@id":"https:\/\/ifv.vn\/#\/schema\/person\/image\/","url":"https:\/\/secure.gravatar.com\/avatar\/3078a22f936a646275122e7cb33fb44f?s=96&d=mm&r=g","contentUrl":"https:\/\/secure.gravatar.com\/avatar\/3078a22f936a646275122e7cb33fb44f?s=96&d=mm&r=g","caption":"stagiaire.com.hcm"},"url":"https:\/\/ifv.vn\/fr\/author\/stagiaire-com-hcm\/"}]}},"_links":{"self":[{"href":"https:\/\/ifv.vn\/fr\/wp-json\/wp\/v2\/posts\/9714"}],"collection":[{"href":"https:\/\/ifv.vn\/fr\/wp-json\/wp\/v2\/posts"}],"about":[{"href":"https:\/\/ifv.vn\/fr\/wp-json\/wp\/v2\/types\/post"}],"author":[{"embeddable":true,"href":"https:\/\/ifv.vn\/fr\/wp-json\/wp\/v2\/users\/6"}],"replies":[{"embeddable":true,"href":"https:\/\/ifv.vn\/fr\/wp-json\/wp\/v2\/comments?post=9714"}],"version-history":[{"count":0,"href":"https:\/\/ifv.vn\/fr\/wp-json\/wp\/v2\/posts\/9714\/revisions"}],"wp:attachment":[{"href":"https:\/\/ifv.vn\/fr\/wp-json\/wp\/v2\/media?parent=9714"}],"wp:term":[{"taxonomy":"category","embeddable":true,"href":"https:\/\/ifv.vn\/fr\/wp-json\/wp\/v2\/categories?post=9714"},{"taxonomy":"post_tag","embeddable":true,"href":"https:\/\/ifv.vn\/fr\/wp-json\/wp\/v2\/tags?post=9714"}],"curies":[{"name":"wp","href":"https:\/\/api.w.org\/{rel}","templated":true}]}}